{"id":4670,"date":"2026-02-13T12:44:37","date_gmt":"2026-02-13T11:44:37","guid":{"rendered":"https:\/\/www.vogelsanginstitut.at\/at\/?p=4670"},"modified":"2026-02-13T13:07:09","modified_gmt":"2026-02-13T12:07:09","slug":"gastkommentar-70-jahre-suez-krise","status":"publish","type":"post","link":"http:\/\/www.vogelsanginstitut.at\/at\/?p=4670","title":{"rendered":"Gastkommentar: 70 Jahre Suez-Krise"},"content":{"rendered":"\n<p>Vor 70 Jahren ersch\u00fctterten zahlreiche Krisen die Welt, und \u00d6sterreich sah sich 1956 ein Jahr nach dem Staatsvertragsabschluss durch die sowjetische Niederschlagung des ungarischen Freiheitskampfes an seiner Ostgrenze direkt betroffen. Doch neben der Ungarn-Krise waren weitere Brennpunkte mit politischen und milit\u00e4rischen Dimensionen entstanden, die die Gro\u00dfm\u00e4chte USA und Sowjetunion an den Rand eines Weltkriegs f\u00fchrten.<\/p>\n\n\n\n<p>Die Krise im Nahen Osten und am Suez-Kanal entfachte 1956 eine Gewaltspirale, die als vermeintlicher Nebenschauplatz direkt zu einem Fl\u00e4chenbrand f\u00fchren konnte. Vor dem Hintergrund der aktuellen Politik sind vor allem die Interventionen der Gro\u00dfm\u00e4chte gegen\u00fcber kleineren L\u00e4nder von historischem Interesse.<\/p>\n\n\n\n<p>In einem Gastkommentar beschreibt Gesch\u00e4ftsf\u00fchrer Dr. Hannes Sch\u00f6nner im \u201e<a href=\"https:\/\/www.andreas-unterberger.at\/Gastkommentar\" data-type=\"link\" data-id=\"https:\/\/www.andreas-unterberger.at\/Gastkommentar\" target=\"_blank\" rel=\"noreferrer noopener\">Politischen Tagebuch von Andreas Unterberger<\/a>\u201c die unmittelbare Vorgeschichte des Konflikts sowie die Konsequenzen dieser milit\u00e4rischen Konfrontation. Zahlreiche Konflikte und politische Motive der damaligen Ereignisse sind gegenw\u00e4rtig noch wirksam.<\/p>\n\n\n\n<p><a href=\"https:\/\/www.andreas-unterberger.at\/Gastkommentar\" data-type=\"link\" data-id=\"https:\/\/www.andreas-unterberger.at\/Gastkommentar\" target=\"_blank\" rel=\"noreferrer noopener\">&gt;&gt; Zum Gastkommentar auf andreas-unterberger.at (nur f\u00fcr Abonnenten)<\/a><\/p>\n\n\n\n<p><a href=\"https:\/\/www.vogelsanginstitut.at\/at\/wp-content\/uploads\/2026\/02\/70-Jahre-Suez-Krise_-Heute-aktueller-denn-je.pdf\" data-type=\"attachment\" data-id=\"4669\" target=\"_blank\" rel=\"noreferrer noopener\">&gt;&gt; Gastkommentar hier lesen<\/a><\/p>\n","protected":false},"excerpt":{"rendered":"<p>Vor 70 Jahren ersch\u00fctterten zahlreiche Krisen die Welt, und \u00d6sterreich sah sich 1956 ein Jahr nach dem Staatsvertragsabschluss durch die sowjetische Niederschlagung des ungarischen Freiheitskampfes an seiner Ostgrenze direkt betroffen. &#8230;<\/p>\n","protected":false},"author":1,"featured_media":2705,"comment_status":"closed","ping_status":"closed","sticky":false,"template":"","format":"standard","meta":{"footnotes":""},"categories":[1,33,18],"tags":[],"_links":{"self":[{"href":"http:\/\/www.vogelsanginstitut.at\/at\/index.php?rest_route=\/wp\/v2\/posts\/4670"}],"collection":[{"href":"http:\/\/www.vogelsanginstitut.at\/at\/index.php?rest_route=\/wp\/v2\/posts"}],"about":[{"href":"http:\/\/www.vogelsanginstitut.at\/at\/index.php?rest_route=\/wp\/v2\/types\/post"}],"author":[{"embeddable":true,"href":"http:\/\/www.vogelsanginstitut.at\/at\/index.php?rest_route=\/wp\/v2\/users\/1"}],"replies":[{"embeddable":true,"href":"http:\/\/www.vogelsanginstitut.at\/at\/index.php?rest_route=%2Fwp%2Fv2%2Fcomments&post=4670"}],"version-history":[{"count":2,"href":"http:\/\/www.vogelsanginstitut.at\/at\/index.php?rest_route=\/wp\/v2\/posts\/4670\/revisions"}],"predecessor-version":[{"id":4672,"href":"http:\/\/www.vogelsanginstitut.at\/at\/index.php?rest_route=\/wp\/v2\/posts\/4670\/revisions\/4672"}],"wp:featuredmedia":[{"embeddable":true,"href":"http:\/\/www.vogelsanginstitut.at\/at\/index.php?rest_route=\/wp\/v2\/media\/2705"}],"wp:attachment":[{"href":"http:\/\/www.vogelsanginstitut.at\/at\/index.php?rest_route=%2Fwp%2Fv2%2Fmedia&parent=4670"}],"wp:term":[{"taxonomy":"category","embeddable":true,"href":"http:\/\/www.vogelsanginstitut.at\/at\/index.php?rest_route=%2Fwp%2Fv2%2Fcategories&post=4670"},{"taxonomy":"post_tag","embeddable":true,"href":"http:\/\/www.vogelsanginstitut.at\/at\/index.php?rest_route=%2Fwp%2Fv2%2Ftags&post=4670"}],"curies":[{"name":"wp","href":"https:\/\/api.w.org\/{rel}","templated":true}]}}