{"id":4660,"date":"2026-02-09T09:44:24","date_gmt":"2026-02-09T08:44:24","guid":{"rendered":"https:\/\/www.vogelsanginstitut.at\/at\/?p=4660"},"modified":"2026-02-09T09:44:24","modified_gmt":"2026-02-09T08:44:24","slug":"veranstaltungsbericht-buchpraesentation-cancel-culture-moralisierung-und-anmassung-der-selbstgerechten-2","status":"publish","type":"post","link":"http:\/\/www.vogelsanginstitut.at\/at\/?p=4660","title":{"rendered":"Veranstaltungsbericht Buchpr\u00e4sentation \u201eCancel-Culture. Moralisierung und Anma\u00dfung der Selbstgerechten\u201c"},"content":{"rendered":"\n<p>International Salzburg Association, 3. Februar 2026\u00a0\u00a0\u00a0<\/p>\n\n\n\n<p>Nach der Pr\u00e4sentation Ende J\u00e4nner in der Buchhandlung Tyrolia in Wien fand eine Woche darauf eine Buchpr\u00e4sentation in Salzburg statt und machte klar, dass das Interesse am Thema \u201eCancel-Culture. Moralisierung und Anma\u00dfung der Selbstgerechten\u201c unver\u00e4ndert besteht.<\/p>\n\n\n\n<p>In den R\u00e4umlichkeiten der International Salzburg Association (ISA) sprachen die beiden Autoren bzw. Herausgeber des Buches, Univ.-Prof. Dr. Franz Schausberger und Dr. Johannes Sachslehner, \u00fcber Cancel-Culture in Gesellschaft und Politik, aber auch in Medien und bei Verlagen. Beide erkannten darin eine gro\u00dfe Gefahr f\u00fcr die Demokratie und verteidigten das \u201eFreie Wort\u201c gegen die \u201eSprachpolizei\u201c des linksliberalen Mainstreams. Beide Redner nahmen das Ph\u00e4nomen Cancel-Culture zum Ausgangspunkt einer tiefergehenden Analyse. Wenn man sich gegen diese Praxis der Verfolgung Andersdenkender wendet &#8211; das war die Kernaussage ihrer Ausf\u00fchrungen -, dann verteidigt man die Demokratie als ein Projekt der Aufkl\u00e4rung. Aber was genau ist damit gemeint? Welche Rolle spielen dabei Pluralit\u00e4t und politische Urteilskraft? Und was ist \u00fcberhaupt politische Urteilskraft?<\/p>\n\n\n\n<p>Die Moderation des Gespr\u00e4chs f\u00fchrte Wilhelm Ortmayr, langj\u00e4hriger Herausgeber und Chefredakteur der Academia des \u00d6CV. Mehr als 120 Besucher fanden sich in den historischen R\u00e4umlichkeiten des Palais Kuenburg-Langenhof in der Sigmund-Haffner-Gasse 16 ein. Darunter auch der fr\u00fchere Salzburger Landeshauptmann Dr. Wilfried Haslauer. Die oftmals leidenschaftlichen Debatten und Diskussionen wurden im Anschluss beim Buffet noch fortgesetzt.<\/p>\n\n\n\n<div class=\"wp-block-columns is-layout-flex wp-container-core-columns-is-layout-1 wp-block-columns-is-layout-flex\">\n<div class=\"wp-block-column is-layout-flow wp-block-column-is-layout-flow\">\n<figure class=\"wp-block-image size-large\"><img loading=\"lazy\" decoding=\"async\" width=\"1024\" height=\"683\" src=\"https:\/\/www.vogelsanginstitut.at\/at\/wp-content\/uploads\/2026\/02\/kvvi_cc_salzburg01-1024x683.jpg\" alt=\"\" class=\"wp-image-4661\" srcset=\"http:\/\/www.vogelsanginstitut.at\/at\/wp-content\/uploads\/2026\/02\/kvvi_cc_salzburg01-1024x683.jpg 1024w, http:\/\/www.vogelsanginstitut.at\/at\/wp-content\/uploads\/2026\/02\/kvvi_cc_salzburg01-300x200.jpg 300w, http:\/\/www.vogelsanginstitut.at\/at\/wp-content\/uploads\/2026\/02\/kvvi_cc_salzburg01-768x512.jpg 768w, http:\/\/www.vogelsanginstitut.at\/at\/wp-content\/uploads\/2026\/02\/kvvi_cc_salzburg01-1536x1024.jpg 1536w, http:\/\/www.vogelsanginstitut.at\/at\/wp-content\/uploads\/2026\/02\/kvvi_cc_salzburg01-2048x1365.jpg 2048w\" sizes=\"(max-width: 1024px) 100vw, 1024px\" \/><\/figure>\n\n\n\n<figure class=\"wp-block-image size-large\"><img loading=\"lazy\" decoding=\"async\" width=\"1024\" height=\"683\" src=\"https:\/\/www.vogelsanginstitut.at\/at\/wp-content\/uploads\/2026\/02\/kvvi_cc_salzburg03-1024x683.jpg\" alt=\"\" class=\"wp-image-4663\" srcset=\"http:\/\/www.vogelsanginstitut.at\/at\/wp-content\/uploads\/2026\/02\/kvvi_cc_salzburg03-1024x683.jpg 1024w, http:\/\/www.vogelsanginstitut.at\/at\/wp-content\/uploads\/2026\/02\/kvvi_cc_salzburg03-300x200.jpg 300w, http:\/\/www.vogelsanginstitut.at\/at\/wp-content\/uploads\/2026\/02\/kvvi_cc_salzburg03-768x512.jpg 768w, http:\/\/www.vogelsanginstitut.at\/at\/wp-content\/uploads\/2026\/02\/kvvi_cc_salzburg03-1536x1024.jpg 1536w, http:\/\/www.vogelsanginstitut.at\/at\/wp-content\/uploads\/2026\/02\/kvvi_cc_salzburg03-2048x1365.jpg 2048w\" sizes=\"(max-width: 1024px) 100vw, 1024px\" \/><\/figure>\n<\/div>\n\n\n\n<div class=\"wp-block-column is-layout-flow wp-block-column-is-layout-flow\">\n<figure class=\"wp-block-image size-large\"><img loading=\"lazy\" decoding=\"async\" width=\"1024\" height=\"683\" src=\"https:\/\/www.vogelsanginstitut.at\/at\/wp-content\/uploads\/2026\/02\/kvvi_cc_salzburg02-1024x683.jpg\" alt=\"\" class=\"wp-image-4662\" srcset=\"http:\/\/www.vogelsanginstitut.at\/at\/wp-content\/uploads\/2026\/02\/kvvi_cc_salzburg02-1024x683.jpg 1024w, http:\/\/www.vogelsanginstitut.at\/at\/wp-content\/uploads\/2026\/02\/kvvi_cc_salzburg02-300x200.jpg 300w, http:\/\/www.vogelsanginstitut.at\/at\/wp-content\/uploads\/2026\/02\/kvvi_cc_salzburg02-768x512.jpg 768w, http:\/\/www.vogelsanginstitut.at\/at\/wp-content\/uploads\/2026\/02\/kvvi_cc_salzburg02-1536x1024.jpg 1536w, http:\/\/www.vogelsanginstitut.at\/at\/wp-content\/uploads\/2026\/02\/kvvi_cc_salzburg02-2048x1365.jpg 2048w\" sizes=\"(max-width: 1024px) 100vw, 1024px\" \/><\/figure>\n\n\n\n<figure class=\"wp-block-image size-large\"><img loading=\"lazy\" decoding=\"async\" width=\"1024\" height=\"683\" src=\"https:\/\/www.vogelsanginstitut.at\/at\/wp-content\/uploads\/2026\/02\/kvvi_cc_salzburg04-1024x683.jpg\" alt=\"\" class=\"wp-image-4664\" srcset=\"http:\/\/www.vogelsanginstitut.at\/at\/wp-content\/uploads\/2026\/02\/kvvi_cc_salzburg04-1024x683.jpg 1024w, http:\/\/www.vogelsanginstitut.at\/at\/wp-content\/uploads\/2026\/02\/kvvi_cc_salzburg04-300x200.jpg 300w, http:\/\/www.vogelsanginstitut.at\/at\/wp-content\/uploads\/2026\/02\/kvvi_cc_salzburg04-768x512.jpg 768w, http:\/\/www.vogelsanginstitut.at\/at\/wp-content\/uploads\/2026\/02\/kvvi_cc_salzburg04-1536x1024.jpg 1536w, http:\/\/www.vogelsanginstitut.at\/at\/wp-content\/uploads\/2026\/02\/kvvi_cc_salzburg04-2048x1365.jpg 2048w\" sizes=\"(max-width: 1024px) 100vw, 1024px\" \/><\/figure>\n\n\n\n<p><\/p>\n<\/div>\n<\/div>\n","protected":false},"excerpt":{"rendered":"<p>International Salzburg Association, 3. Februar 2026\u00a0\u00a0\u00a0 Nach der Pr\u00e4sentation Ende J\u00e4nner in der Buchhandlung Tyrolia in Wien fand eine Woche darauf eine Buchpr\u00e4sentation in Salzburg statt und machte klar, dass &#8230;<\/p>\n","protected":false},"author":1,"featured_media":4661,"comment_status":"closed","ping_status":"closed","sticky":false,"template":"","format":"standard","meta":{"footnotes":""},"categories":[1,18,20],"tags":[],"_links":{"self":[{"href":"http:\/\/www.vogelsanginstitut.at\/at\/index.php?rest_route=\/wp\/v2\/posts\/4660"}],"collection":[{"href":"http:\/\/www.vogelsanginstitut.at\/at\/index.php?rest_route=\/wp\/v2\/posts"}],"about":[{"href":"http:\/\/www.vogelsanginstitut.at\/at\/index.php?rest_route=\/wp\/v2\/types\/post"}],"author":[{"embeddable":true,"href":"http:\/\/www.vogelsanginstitut.at\/at\/index.php?rest_route=\/wp\/v2\/users\/1"}],"replies":[{"embeddable":true,"href":"http:\/\/www.vogelsanginstitut.at\/at\/index.php?rest_route=%2Fwp%2Fv2%2Fcomments&post=4660"}],"version-history":[{"count":2,"href":"http:\/\/www.vogelsanginstitut.at\/at\/index.php?rest_route=\/wp\/v2\/posts\/4660\/revisions"}],"predecessor-version":[{"id":4666,"href":"http:\/\/www.vogelsanginstitut.at\/at\/index.php?rest_route=\/wp\/v2\/posts\/4660\/revisions\/4666"}],"wp:featuredmedia":[{"embeddable":true,"href":"http:\/\/www.vogelsanginstitut.at\/at\/index.php?rest_route=\/wp\/v2\/media\/4661"}],"wp:attachment":[{"href":"http:\/\/www.vogelsanginstitut.at\/at\/index.php?rest_route=%2Fwp%2Fv2%2Fmedia&parent=4660"}],"wp:term":[{"taxonomy":"category","embeddable":true,"href":"http:\/\/www.vogelsanginstitut.at\/at\/index.php?rest_route=%2Fwp%2Fv2%2Fcategories&post=4660"},{"taxonomy":"post_tag","embeddable":true,"href":"http:\/\/www.vogelsanginstitut.at\/at\/index.php?rest_route=%2Fwp%2Fv2%2Ftags&post=4660"}],"curies":[{"name":"wp","href":"https:\/\/api.w.org\/{rel}","templated":true}]}}