{"id":4565,"date":"2025-10-29T10:58:22","date_gmt":"2025-10-29T09:58:22","guid":{"rendered":"https:\/\/www.vogelsanginstitut.at\/at\/?p=4565"},"modified":"2025-10-29T10:59:26","modified_gmt":"2025-10-29T09:59:26","slug":"baumeister-der-republik-dr-karl-gruber-duplicate-1","status":"publish","type":"post","link":"http:\/\/www.vogelsanginstitut.at\/at\/?p=4565","title":{"rendered":"Unbequem, eigenwillig, gebildet, urw\u00fcchsig, demokratisch."},"content":{"rendered":"\n<p><strong>Zum 150. Geburtstag des christlich-sozialen Politikers Alfred G\u00fcrtler<\/strong><\/p>\n\n\n\n<p><\/p>\n\n\n\n<p>Bei einer der schillerndsten Pers\u00f6nlichkeit aus der Riege der christlichsozialen Politiker der Ersten Republik j\u00e4hrt sich am 30. Oktober der Geburtstag zum 150. Mal. Wer kann schon \u2013 so wie Alfred G\u00fcrtler \u2013 ein so buntes Leben vorweisen: Eine erfolgreiche wissenschaftliche Laufbahn, \u00fcber ein Jahrzehnt Mitglied des \u00f6sterreichischen Parlaments, Finanzminister, Landeshauptmann der Steiermark und Nationalratspr\u00e4sident.<\/p>\n\n\n\n<p>Der Pr\u00e4sident des Vogelsang-Instituts hat sich eingehend mit dem Leben und Wirken Alfred G\u00fcrtlers auseinandergesetzt und er\u00f6ffnet dabei spannende Perspektiven auf dessen politisches Erbe.<\/p>\n\n\n\n<p><\/p>\n\n\n\n<p><a href=\"http:\/\/www.vogelsanginstitut.at\/at\/wp-content\/uploads\/2025\/10\/Schausberger_Alfred_Guertler_150.pdf\" data-type=\"link\" data-id=\"www.vogelsanginstitut.at\/at\/wp-content\/uploads\/2025\/10\/Schausberger_Alfred_Guertler_150.pdf\" target=\"_blank\" rel=\"noreferrer noopener\">&gt;&gt; zur Biografie<\/a><\/p>\n","protected":false},"excerpt":{"rendered":"<p>Zum 150. Geburtstag des christlich-sozialen Politikers Alfred G\u00fcrtler Bei einer der schillerndsten Pers\u00f6nlichkeit aus der Riege der christlichsozialen Politiker der Ersten Republik j\u00e4hrt sich am 30. Oktober der Geburtstag zum &#8230;<\/p>\n","protected":false},"author":1,"featured_media":4566,"comment_status":"closed","ping_status":"closed","sticky":false,"template":"","format":"standard","meta":{"footnotes":""},"categories":[1,18,32],"tags":[],"_links":{"self":[{"href":"http:\/\/www.vogelsanginstitut.at\/at\/index.php?rest_route=\/wp\/v2\/posts\/4565"}],"collection":[{"href":"http:\/\/www.vogelsanginstitut.at\/at\/index.php?rest_route=\/wp\/v2\/posts"}],"about":[{"href":"http:\/\/www.vogelsanginstitut.at\/at\/index.php?rest_route=\/wp\/v2\/types\/post"}],"author":[{"embeddable":true,"href":"http:\/\/www.vogelsanginstitut.at\/at\/index.php?rest_route=\/wp\/v2\/users\/1"}],"replies":[{"embeddable":true,"href":"http:\/\/www.vogelsanginstitut.at\/at\/index.php?rest_route=%2Fwp%2Fv2%2Fcomments&post=4565"}],"version-history":[{"count":2,"href":"http:\/\/www.vogelsanginstitut.at\/at\/index.php?rest_route=\/wp\/v2\/posts\/4565\/revisions"}],"predecessor-version":[{"id":4568,"href":"http:\/\/www.vogelsanginstitut.at\/at\/index.php?rest_route=\/wp\/v2\/posts\/4565\/revisions\/4568"}],"wp:featuredmedia":[{"embeddable":true,"href":"http:\/\/www.vogelsanginstitut.at\/at\/index.php?rest_route=\/wp\/v2\/media\/4566"}],"wp:attachment":[{"href":"http:\/\/www.vogelsanginstitut.at\/at\/index.php?rest_route=%2Fwp%2Fv2%2Fmedia&parent=4565"}],"wp:term":[{"taxonomy":"category","embeddable":true,"href":"http:\/\/www.vogelsanginstitut.at\/at\/index.php?rest_route=%2Fwp%2Fv2%2Fcategories&post=4565"},{"taxonomy":"post_tag","embeddable":true,"href":"http:\/\/www.vogelsanginstitut.at\/at\/index.php?rest_route=%2Fwp%2Fv2%2Ftags&post=4565"}],"curies":[{"name":"wp","href":"https:\/\/api.w.org\/{rel}","templated":true}]}}