{"id":4503,"date":"2025-08-11T08:31:12","date_gmt":"2025-08-11T06:31:12","guid":{"rendered":"https:\/\/www.vogelsanginstitut.at\/at\/?p=4503"},"modified":"2025-08-11T08:31:12","modified_gmt":"2025-08-11T06:31:12","slug":"gastkommentar-im-kurier-vom-2-juni-2025-das-unrecht-als-solches-benennen-duplicate-1","status":"publish","type":"post","link":"http:\/\/www.vogelsanginstitut.at\/at\/?p=4503","title":{"rendered":"Gastkommentar im Kurier vom 11. August 2025: &#8220;Franz Werfel: Warum er nicht vergessen werden darf&#8221;"},"content":{"rendered":"\n<p>Vor 80 Jahren, im August 1945, verstarb Franz Werfel, einer der bedeutendsten \u00f6sterreichischen Literaten im US-Amerikanischen Exil. Eine Zeitlosigkeit im k\u00fcnstlerischen Schaffen, in Verbindung mit einer Sprache, die Alt-\u00d6sterreich, seine Geburtsstadt Prag und seiner Lebens- und Heimatstadt Wien ber\u00fchrte, zeichneten ihn aus. Es findet sich in seinen Werken kein Anbiedern an M\u00e4chtige, aber auch keine Scheu, seine politische Meinung zu vertreten.<\/p>\n\n\n\n<p><a href=\"https:\/\/kurier.at\/meinung\/gastkommentare\/franz-werfel-warum-er-nicht-vergessen-werden-darf\/403070765\" data-type=\"attachment\" data-id=\"4433\" target=\"_blank\" rel=\"noreferrer noopener\">>>Zum Gastkommentar<\/a><\/p>\n","protected":false},"excerpt":{"rendered":"<p>Vor 80 Jahren, im August 1945, verstarb Franz Werfel, einer der bedeutendsten \u00f6sterreichischen Literaten im US-Amerikanischen Exil. Eine Zeitlosigkeit im k\u00fcnstlerischen Schaffen, in Verbindung mit einer Sprache, die Alt-\u00d6sterreich, seine &#8230;<\/p>\n","protected":false},"author":1,"featured_media":2705,"comment_status":"closed","ping_status":"closed","sticky":false,"template":"","format":"standard","meta":{"footnotes":""},"categories":[1,33,18],"tags":[],"_links":{"self":[{"href":"http:\/\/www.vogelsanginstitut.at\/at\/index.php?rest_route=\/wp\/v2\/posts\/4503"}],"collection":[{"href":"http:\/\/www.vogelsanginstitut.at\/at\/index.php?rest_route=\/wp\/v2\/posts"}],"about":[{"href":"http:\/\/www.vogelsanginstitut.at\/at\/index.php?rest_route=\/wp\/v2\/types\/post"}],"author":[{"embeddable":true,"href":"http:\/\/www.vogelsanginstitut.at\/at\/index.php?rest_route=\/wp\/v2\/users\/1"}],"replies":[{"embeddable":true,"href":"http:\/\/www.vogelsanginstitut.at\/at\/index.php?rest_route=%2Fwp%2Fv2%2Fcomments&post=4503"}],"version-history":[{"count":1,"href":"http:\/\/www.vogelsanginstitut.at\/at\/index.php?rest_route=\/wp\/v2\/posts\/4503\/revisions"}],"predecessor-version":[{"id":4504,"href":"http:\/\/www.vogelsanginstitut.at\/at\/index.php?rest_route=\/wp\/v2\/posts\/4503\/revisions\/4504"}],"wp:featuredmedia":[{"embeddable":true,"href":"http:\/\/www.vogelsanginstitut.at\/at\/index.php?rest_route=\/wp\/v2\/media\/2705"}],"wp:attachment":[{"href":"http:\/\/www.vogelsanginstitut.at\/at\/index.php?rest_route=%2Fwp%2Fv2%2Fmedia&parent=4503"}],"wp:term":[{"taxonomy":"category","embeddable":true,"href":"http:\/\/www.vogelsanginstitut.at\/at\/index.php?rest_route=%2Fwp%2Fv2%2Fcategories&post=4503"},{"taxonomy":"post_tag","embeddable":true,"href":"http:\/\/www.vogelsanginstitut.at\/at\/index.php?rest_route=%2Fwp%2Fv2%2Ftags&post=4503"}],"curies":[{"name":"wp","href":"https:\/\/api.w.org\/{rel}","templated":true}]}}