{"id":4485,"date":"2024-12-12T12:48:00","date_gmt":"2024-12-12T11:48:00","guid":{"rendered":"https:\/\/www.vogelsanginstitut.at\/at\/?p=4485"},"modified":"2025-07-08T12:53:33","modified_gmt":"2025-07-08T10:53:33","slug":"in-memoriam-dr-josef-taus-1933-2024oevp-bundesparteiobmann-industrieller-und-wirtschaftspolitischer-visionaer","status":"publish","type":"post","link":"http:\/\/www.vogelsanginstitut.at\/at\/?p=4485","title":{"rendered":"In Memoriam Dr. Josef Taus (1933-2024)\u00d6VP-Bundesparteiobmann, Industrieller und wirtschaftspolitischer Vision\u00e4r"},"content":{"rendered":"\n<p>Der Industrielle und fr\u00fchere \u00d6VP-Bundesparteiobmann Dr. Josef Taus pr\u00e4gte \u00fcber Jahre die \u00f6sterreichische Innenpolitik an vorderster Stelle mit. Bereits in den 1960er Jahren \u00fcbernahm er als Staatssekret\u00e4r unter Bundeskanzler Josef Taus politische Verantwortung, ehe er von 1975 bis 1979 nach dem pl\u00f6tzlichen Tod von Karl Schleinzer an der Spitze der \u00d6VP stand. Nach seiner zweiten gegen Bruno Kreisky verlorenen Wahl 1979 kehrte er in die Wirtschaft zur\u00fcck und baute sp\u00e4ter die Management Trust Holding (MTH) auf.<\/p>\n\n\n\n<p>In seiner langen Karriere war Taus unter anderem Vorstandsvorsitzender der Girozentrale, Aufsichtsratschef der \u00d6IAG und gesch\u00e4ftsf\u00fchrender Gesellschafter der Constantia Industrieverwaltung GesmbH.<\/p>\n\n\n\n<p>Weit weniger bekannt ist die Tatsache, dass sich Josef Taus auch mit Themen der Au\u00dfenpolitik sehr intensiv befasste. Im Rahmen eines Zeitzeugen-Interviews sprach der heutige Gesch\u00e4ftsf\u00fchrer des Karl von Vogelsang-Instituts, Johannes Sch\u00f6nner im Jahre 2011 mit Josef Taus \u00fcber Entwicklungen und Schwerpunkte w\u00e4hrend seiner aktiven Politik.<\/p>\n\n\n\n<p>Das Gespr\u00e4ch wurde am 21. Juni 2011 im B\u00fcro der MTH, Wien 4, von Johannes Sch\u00f6nner gef\u00fchrt. Dieses Zeitzeugengespr\u00e4ch kann man als <a href=\"http:\/\/www.vogelsanginstitut.at\/at\/wp-content\/uploads\/2024\/12\/Interview_Josef_Taus_2011.pdf\" data-type=\"link\" data-id=\"www.vogelsanginstitut.at\/at\/wp-content\/uploads\/2024\/12\/Interview_Josef_Taus_2011.pdf\" target=\"_blank\" rel=\"noreferrer noopener\">Transkript <\/a>nachlesen.<\/p>\n\n\n\n<p>Gerade vor dem Hintergrund der vor wenigen Tagen verstorbenen Pers\u00f6nlichkeiten Claus J. Raidl und Hannes Androsch erscheinen der Lebensweg und die politischen Erfahrungen von Josef Taus bemerkenswert. Zahlreiche seiner politischen Analysen k\u00f6nnen als vision\u00e4r und als historische Quelle eines stets wachen Zeitzeugen und \u00fcberzeugten Christdemokraten betrachtet werden.<\/p>\n\n\n\n<div class=\"wp-block-columns is-layout-flex wp-container-core-columns-is-layout-1 wp-block-columns-is-layout-flex\">\n<div class=\"wp-block-column is-layout-flow wp-block-column-is-layout-flow\">\n<p><strong>Josef Taus<\/strong><\/p>\n\n\n\n<p>(geb. 8. Februar 1933), Mag. jur. Dr. jur. Politiker und Unternehmer.<\/p>\n\n\n\n<p>Staatliche Funktionen:<br>Staatssekret\u00e4r im Bundesministerium f\u00fcr Verkehr und Verstaatlichte Unternehmungen 1966\/67<br>von 1975 bis 1991 Abgeordneter zum Nationalrat<\/p>\n\n\n\n<p>Politische Funktionen:<br>Stellvertretender Obmann des \u00d6AAB 1971-1974<br>Bereichssprecher der \u00d6FP f\u00fcr Verstaatlichte Industrie 1970-1975 und 1983-1991<br>Finanzreferent der \u00d6VP 1989-1991<br>Bundesparteiobmann der \u00d6VP 1975-1979<br>Vorsitzender der Europ\u00e4ischen Demokratischen Union (EDU) 1978\/79.<\/p>\n\n\n\n<p>Berufliche Karrierestationen:<br>1959-1963 Konsulent im Bundesministerium f\u00fcr Finanzen<br>1968-1975 Vorstandsvorsitzender der Girozentrale<br>1967-1975 Aufsichtsratsvorsitzender der \u00d6IAG<br>seit 1989 Vorstand der Management Trust Holding AG.<\/p>\n\n\n\n<p><\/p>\n<\/div>\n<\/div>\n","protected":false},"excerpt":{"rendered":"<p>Der Industrielle und fr\u00fchere \u00d6VP-Bundesparteiobmann Dr. Josef Taus pr\u00e4gte \u00fcber Jahre die \u00f6sterreichische Innenpolitik an vorderster Stelle mit. Bereits in den 1960er Jahren \u00fcbernahm er als Staatssekret\u00e4r unter Bundeskanzler Josef &#8230;<\/p>\n","protected":false},"author":1,"featured_media":2857,"comment_status":"closed","ping_status":"closed","sticky":false,"template":"","format":"standard","meta":{"footnotes":""},"categories":[1,18,32],"tags":[],"_links":{"self":[{"href":"http:\/\/www.vogelsanginstitut.at\/at\/index.php?rest_route=\/wp\/v2\/posts\/4485"}],"collection":[{"href":"http:\/\/www.vogelsanginstitut.at\/at\/index.php?rest_route=\/wp\/v2\/posts"}],"about":[{"href":"http:\/\/www.vogelsanginstitut.at\/at\/index.php?rest_route=\/wp\/v2\/types\/post"}],"author":[{"embeddable":true,"href":"http:\/\/www.vogelsanginstitut.at\/at\/index.php?rest_route=\/wp\/v2\/users\/1"}],"replies":[{"embeddable":true,"href":"http:\/\/www.vogelsanginstitut.at\/at\/index.php?rest_route=%2Fwp%2Fv2%2Fcomments&post=4485"}],"version-history":[{"count":1,"href":"http:\/\/www.vogelsanginstitut.at\/at\/index.php?rest_route=\/wp\/v2\/posts\/4485\/revisions"}],"predecessor-version":[{"id":4486,"href":"http:\/\/www.vogelsanginstitut.at\/at\/index.php?rest_route=\/wp\/v2\/posts\/4485\/revisions\/4486"}],"wp:featuredmedia":[{"embeddable":true,"href":"http:\/\/www.vogelsanginstitut.at\/at\/index.php?rest_route=\/wp\/v2\/media\/2857"}],"wp:attachment":[{"href":"http:\/\/www.vogelsanginstitut.at\/at\/index.php?rest_route=%2Fwp%2Fv2%2Fmedia&parent=4485"}],"wp:term":[{"taxonomy":"category","embeddable":true,"href":"http:\/\/www.vogelsanginstitut.at\/at\/index.php?rest_route=%2Fwp%2Fv2%2Fcategories&post=4485"},{"taxonomy":"post_tag","embeddable":true,"href":"http:\/\/www.vogelsanginstitut.at\/at\/index.php?rest_route=%2Fwp%2Fv2%2Ftags&post=4485"}],"curies":[{"name":"wp","href":"https:\/\/api.w.org\/{rel}","templated":true}]}}