{"id":4483,"date":"2025-03-17T12:39:00","date_gmt":"2025-03-17T11:39:00","guid":{"rendered":"https:\/\/www.vogelsanginstitut.at\/at\/?p=4483"},"modified":"2025-07-08T12:43:43","modified_gmt":"2025-07-08T10:43:43","slug":"in-memoriam-dr-walter-schwimmer-1942-2025sozialpolitiker-parlamentarier-und-generalsekretaer-des-europarates","status":"publish","type":"post","link":"http:\/\/www.vogelsanginstitut.at\/at\/?p=4483","title":{"rendered":"In Memoriam Dr. Walter Schwimmer (1942-2025)Sozialpolitiker, Parlamentarier und Generalsekret\u00e4r des Europarates"},"content":{"rendered":"\n<p>Der geb\u00fcrtige Wiener Walter Schwimmer hat wesentliche politische Spuren in seiner Vaterstadt wie auch in der Bundespolitik hinterlassen. Der Jurist war seit 1971 Mitglied des \u00f6sterreichischen Nationalrats und von 1999 bis 2004 Generalsekret\u00e4r des Europarats.<\/p>\n\n\n\n<p>Schwimmer war als Sohn eines B\u00e4ckers und einer Verk\u00e4uferin mit den Lebensrealit\u00e4ten von Gewerbetreibenden und Angestellten bestens vertraut. Nach der Matura studierte er Rechtswissenschaft an der Universit\u00e4t Wien. Dort promovierte er im Jahre 1964, wurde Rechtsberater der Gewerkschaft der Privatangestellten beim \u00d6sterreichischen Gewerkschaftsbund. 1971 wechselte er zun\u00e4chst als Leiter des Sozialen Ausschusses und sp\u00e4ter des Politischen Ausschusses zum \u00d6AAB. 1979 wurde er Leiter der Beitragsabteilung der Wiener Gebietskrankenkasse. Von 1984 bis 1999 war er ihr Generaldirektor.<\/p>\n\n\n\n<p>Seinem Wiener Heimatbezirk, der Leopoldstadt, f\u00fchlte sich Walter Schwimmer sein ganzes Leben lang eng verbunden. Seit seiner Studienzeit Mitglied der \u00d6sterreichischen Volkspartei (\u00d6VP) wurde er 1971 in den Nationalrat gew\u00e4hlt. Schwimmer geh\u00f6rte dem Nationalrat bis 1999 in acht aufeinanderfolgenden Legislaturperioden an. Er war stellvertretender \u00d6VP-Fraktionsvorsitzender, Vorsitzender der Aussch\u00fcsse f\u00fcr Gesundheit, f\u00fcr Justiz und f\u00fcr Bauten sowie stellvertretender Vorsitzender des Ausschusses f\u00fcr soziale Angelegenheiten.<\/p>\n\n\n\n<p>Schwimmer geh\u00f6rte seit 1991 der \u00f6sterreichischen Delegation bei der Parlamentarischen Versammlung des Europarats an, wurde dort 1996 Vorsitzender der Fraktion der Europ\u00e4ischen Volkspartei-Christdemokraten, Vizepr\u00e4sident der Versammlung, stellvertretender Vorsitzender des Rechts- und Menschenrechtsausschusses, Vorsitzender des Unterausschusses f\u00fcr internationale Wirtschaftsbeziehungen.<\/p>\n\n\n\n<p>Im Juni 1999 w\u00e4hlte ihn die Parlamentarische Versammlung als Nachfolger des Schweden Daniel Tarschys zum Generalsekret\u00e4r des Europarats. Schwimmer hat das Amt im Jahre 2004 abgegeben. Schwimmer war als Berater f\u00fcr Internationale Beziehungen und Europafragen, sowohl f\u00fcr Regierungen als auch f\u00fcr Unternehmungen t\u00e4tig. Er engagiert sich ehrenamtlich f\u00fcr den Dialog der Kulturen und war u. a. seit 2004 Generalsekret\u00e4r der Maison de la M\u00e9diterran\u00e9e-Fondazione Mediterraneo in Neapel, war Vorsitzender des Internationalen Koordinationsausschusses des World Public Forum-Dialogue of Civilizations (Wien) und war Mitgr\u00fcnder und Aufsichtsratsmitglied des in Berlin ans\u00e4ssigen Dialogue of Civilizations Research Institute sowie Pr\u00e4sident des European Democracy Forum (Strassburg).<\/p>\n\n\n\n<p>Nach dem Ende seiner beruflichen T\u00e4tigkeit wandte sich Schwimmer der Geschichte Wiens, den Ver\u00e4nderungen, aber auch dem Fortbestehen kultureller Merkmale innerhalb der Wiener Bev\u00f6lkerung zu. Er schrieb B\u00fccher \u00fcber historische Epochen, die f\u00fcr ihn untrennbar mit Wien und seiner Geschichte verbunden waren. Im Besonderen widmete er sich dem j\u00fcdischen Erbe Wiens und dem Schicksal j\u00fcdischer Bewohner im 20. Jahrhundert.<\/p>\n\n\n\n<p><\/p>\n\n\n\n<p><strong>Zeitzeugengespr\u00e4ch mit Walter Schwimmer<\/strong><\/p>\n\n\n\n<p>Dem Karl von Vogelsang-Institut stellte er sich vor zwei Jahren als Zeitzeuge zur Verf\u00fcgung. Im Gespr\u00e4ch mit Pr\u00e4sident LH a.D. Univ.-Prof. Dr. Franz Schausberger und Vizepr\u00e4sidentin Univ.-Prof. Dr. Anita Ziegerhofer reflektierte Walter Schwimmer \u00fcber Meilensteine in seinem politischen und privaten Leben. Sie k\u00f6nnen dieses Interview als einen seiner letzten \u00f6ffentlichen Auftritte hier abrufen.<\/p>\n\n\n\n<figure class=\"wp-block-embed is-type-video is-provider-youtube wp-block-embed-youtube wp-embed-aspect-16-9 wp-has-aspect-ratio\"><div class=\"wp-block-embed__wrapper\">\n<iframe loading=\"lazy\" title=\"Zeitzeugengespr\u00e4ch Dr. Walter Schwimmer\" width=\"800\" height=\"450\" src=\"https:\/\/www.youtube.com\/embed\/G501Gdb2HEw?feature=oembed\" frameborder=\"0\" allow=\"accelerometer; autoplay; clipboard-write; encrypted-media; gyroscope; picture-in-picture; web-share\" referrerpolicy=\"strict-origin-when-cross-origin\" allowfullscreen><\/iframe>\n<\/div><\/figure>\n","protected":false},"excerpt":{"rendered":"<p>Der geb\u00fcrtige Wiener Walter Schwimmer hat wesentliche politische Spuren in seiner Vaterstadt wie auch in der Bundespolitik hinterlassen. Der Jurist war seit 1971 Mitglied des \u00f6sterreichischen Nationalrats und von 1999 &#8230;<\/p>\n","protected":false},"author":1,"featured_media":3921,"comment_status":"closed","ping_status":"closed","sticky":false,"template":"","format":"standard","meta":{"footnotes":""},"categories":[1,18,32],"tags":[],"_links":{"self":[{"href":"http:\/\/www.vogelsanginstitut.at\/at\/index.php?rest_route=\/wp\/v2\/posts\/4483"}],"collection":[{"href":"http:\/\/www.vogelsanginstitut.at\/at\/index.php?rest_route=\/wp\/v2\/posts"}],"about":[{"href":"http:\/\/www.vogelsanginstitut.at\/at\/index.php?rest_route=\/wp\/v2\/types\/post"}],"author":[{"embeddable":true,"href":"http:\/\/www.vogelsanginstitut.at\/at\/index.php?rest_route=\/wp\/v2\/users\/1"}],"replies":[{"embeddable":true,"href":"http:\/\/www.vogelsanginstitut.at\/at\/index.php?rest_route=%2Fwp%2Fv2%2Fcomments&post=4483"}],"version-history":[{"count":1,"href":"http:\/\/www.vogelsanginstitut.at\/at\/index.php?rest_route=\/wp\/v2\/posts\/4483\/revisions"}],"predecessor-version":[{"id":4484,"href":"http:\/\/www.vogelsanginstitut.at\/at\/index.php?rest_route=\/wp\/v2\/posts\/4483\/revisions\/4484"}],"wp:featuredmedia":[{"embeddable":true,"href":"http:\/\/www.vogelsanginstitut.at\/at\/index.php?rest_route=\/wp\/v2\/media\/3921"}],"wp:attachment":[{"href":"http:\/\/www.vogelsanginstitut.at\/at\/index.php?rest_route=%2Fwp%2Fv2%2Fmedia&parent=4483"}],"wp:term":[{"taxonomy":"category","embeddable":true,"href":"http:\/\/www.vogelsanginstitut.at\/at\/index.php?rest_route=%2Fwp%2Fv2%2Fcategories&post=4483"},{"taxonomy":"post_tag","embeddable":true,"href":"http:\/\/www.vogelsanginstitut.at\/at\/index.php?rest_route=%2Fwp%2Fv2%2Ftags&post=4483"}],"curies":[{"name":"wp","href":"https:\/\/api.w.org\/{rel}","templated":true}]}}