{"id":4333,"date":"2025-03-31T15:10:02","date_gmt":"2025-03-31T13:10:02","guid":{"rendered":"https:\/\/www.vogelsanginstitut.at\/at\/?p=4333"},"modified":"2025-07-08T11:45:24","modified_gmt":"2025-07-08T09:45:24","slug":"ein-jahr-im-schatten-grosser-jubilaeen","status":"publish","type":"post","link":"http:\/\/www.vogelsanginstitut.at\/at\/?p=4333","title":{"rendered":"Ein Jahr im Schatten gro\u00dfer Jubil\u00e4en"},"content":{"rendered":"\n<p>Wenn heuer von einem Jubil\u00e4umsjahr die Rede ist, dann sind gemeinhin die Jahre 1945, 1955 und 1995 gemeint. Kriegsende, Republiksgr\u00fcndung, Staatsvertrag und EU-Beitritt. Das Jahr 1975 \u2013 genau vor 50 Jahren \u2013 z\u00e4hlt mit Sicherheit nicht zu den gro\u00dfen historischen Erz\u00e4hlungen. Zu Unrecht \u2013 haben uns doch gerade gegenw\u00e4rtig die Entwicklungen des Jahres 1975 viel zu sagen und verdienen einen genauen Blick darauf.<\/p>\n\n\n\n<p>Gesch\u00e4ftsf\u00fchrer Dr. Johannes Sch\u00f6nner hat einen <a href=\"http:\/\/www.vogelsanginstitut.at\/at\/wp-content\/uploads\/2025\/03\/Kurier_Epaper_31032025.jpg\" data-type=\"link\" data-id=\"http:\/\/www.vogelsanginstitut.at\/at\/wp-content\/uploads\/2025\/03\/Kurier_Epaper_31032025.jpg\">Gastkommentar<\/a> im Kurier vom 31.03.2025 verfasst, der auf die Besonderheiten und Auswirkungen des Jahres 1975 hinweist <a href=\"https:\/\/kurier.at\/meinung\/gastkommentar\/1975-ein-jahr-im-schatten-grosser-jubilaeen-kreisky-taus-wiesenthal-peter\/403027816\" target=\"_blank\" rel=\"noreferrer noopener\">>> kurier.at<\/a><\/p>\n","protected":false},"excerpt":{"rendered":"<p>Wenn heuer von einem Jubil\u00e4umsjahr die Rede ist, dann sind gemeinhin die Jahre 1945, 1955 und 1995 gemeint. Kriegsende, Republiksgr\u00fcndung, Staatsvertrag und EU-Beitritt. Das Jahr 1975 \u2013 genau vor 50 &#8230;<\/p>\n","protected":false},"author":1,"featured_media":4334,"comment_status":"closed","ping_status":"closed","sticky":false,"template":"","format":"standard","meta":{"footnotes":""},"categories":[1,33,18],"tags":[],"_links":{"self":[{"href":"http:\/\/www.vogelsanginstitut.at\/at\/index.php?rest_route=\/wp\/v2\/posts\/4333"}],"collection":[{"href":"http:\/\/www.vogelsanginstitut.at\/at\/index.php?rest_route=\/wp\/v2\/posts"}],"about":[{"href":"http:\/\/www.vogelsanginstitut.at\/at\/index.php?rest_route=\/wp\/v2\/types\/post"}],"author":[{"embeddable":true,"href":"http:\/\/www.vogelsanginstitut.at\/at\/index.php?rest_route=\/wp\/v2\/users\/1"}],"replies":[{"embeddable":true,"href":"http:\/\/www.vogelsanginstitut.at\/at\/index.php?rest_route=%2Fwp%2Fv2%2Fcomments&post=4333"}],"version-history":[{"count":2,"href":"http:\/\/www.vogelsanginstitut.at\/at\/index.php?rest_route=\/wp\/v2\/posts\/4333\/revisions"}],"predecessor-version":[{"id":4336,"href":"http:\/\/www.vogelsanginstitut.at\/at\/index.php?rest_route=\/wp\/v2\/posts\/4333\/revisions\/4336"}],"wp:featuredmedia":[{"embeddable":true,"href":"http:\/\/www.vogelsanginstitut.at\/at\/index.php?rest_route=\/wp\/v2\/media\/4334"}],"wp:attachment":[{"href":"http:\/\/www.vogelsanginstitut.at\/at\/index.php?rest_route=%2Fwp%2Fv2%2Fmedia&parent=4333"}],"wp:term":[{"taxonomy":"category","embeddable":true,"href":"http:\/\/www.vogelsanginstitut.at\/at\/index.php?rest_route=%2Fwp%2Fv2%2Fcategories&post=4333"},{"taxonomy":"post_tag","embeddable":true,"href":"http:\/\/www.vogelsanginstitut.at\/at\/index.php?rest_route=%2Fwp%2Fv2%2Ftags&post=4333"}],"curies":[{"name":"wp","href":"https:\/\/api.w.org\/{rel}","templated":true}]}}