{"id":4252,"date":"2024-12-02T12:03:03","date_gmt":"2024-12-02T11:03:03","guid":{"rendered":"https:\/\/www.vogelsanginstitut.at\/at\/?p=4252"},"modified":"2025-07-08T12:47:32","modified_gmt":"2025-07-08T10:47:32","slug":"gastkommentar-kurier-erinnerungskultur-a-la-ddr","status":"publish","type":"post","link":"http:\/\/www.vogelsanginstitut.at\/at\/?p=4252","title":{"rendered":"Gastkommentar &#8220;Kurier&#8221;: Erinnerungskultur \u00e0 la DDR"},"content":{"rendered":"\n<p>Gesch\u00e4ftsf\u00fchrer Dr. Hannes Sch\u00f6nner schreibt in einem Gastkommentar im KURIER vom 13. November 2024 \u00fcber die umstrittene Entscheidung der Wiener Kulturstadtr\u00e4tin\u00a0Veronica\u00a0Kaup-Hasler, kein Denkmal f\u00fcr Jan Sobieski am Kahlenberg zu errichten. <a href=\"https:\/\/kurier.at\/meinung\/gastkommentar\/aus-fuer-sobieski-denkmal-zur-tuerkenbelagerung-erinnerungskultur-a-la-ddr\/402974358\" target=\"_blank\" rel=\"noreferrer noopener\">>> zum Gastkommentar<\/a><br><br><\/p>\n","protected":false},"excerpt":{"rendered":"<p>Gesch\u00e4ftsf\u00fchrer Dr. Hannes Sch\u00f6nner schreibt in einem Gastkommentar im KURIER vom 13. November 2024 \u00fcber die umstrittene Entscheidung der Wiener Kulturstadtr\u00e4tin\u00a0Veronica\u00a0Kaup-Hasler, kein Denkmal f\u00fcr Jan Sobieski am Kahlenberg zu errichten. &#8230;<\/p>\n","protected":false},"author":1,"featured_media":2705,"comment_status":"closed","ping_status":"closed","sticky":false,"template":"","format":"standard","meta":{"footnotes":""},"categories":[1,33,18],"tags":[],"_links":{"self":[{"href":"http:\/\/www.vogelsanginstitut.at\/at\/index.php?rest_route=\/wp\/v2\/posts\/4252"}],"collection":[{"href":"http:\/\/www.vogelsanginstitut.at\/at\/index.php?rest_route=\/wp\/v2\/posts"}],"about":[{"href":"http:\/\/www.vogelsanginstitut.at\/at\/index.php?rest_route=\/wp\/v2\/types\/post"}],"author":[{"embeddable":true,"href":"http:\/\/www.vogelsanginstitut.at\/at\/index.php?rest_route=\/wp\/v2\/users\/1"}],"replies":[{"embeddable":true,"href":"http:\/\/www.vogelsanginstitut.at\/at\/index.php?rest_route=%2Fwp%2Fv2%2Fcomments&post=4252"}],"version-history":[{"count":1,"href":"http:\/\/www.vogelsanginstitut.at\/at\/index.php?rest_route=\/wp\/v2\/posts\/4252\/revisions"}],"predecessor-version":[{"id":4253,"href":"http:\/\/www.vogelsanginstitut.at\/at\/index.php?rest_route=\/wp\/v2\/posts\/4252\/revisions\/4253"}],"wp:featuredmedia":[{"embeddable":true,"href":"http:\/\/www.vogelsanginstitut.at\/at\/index.php?rest_route=\/wp\/v2\/media\/2705"}],"wp:attachment":[{"href":"http:\/\/www.vogelsanginstitut.at\/at\/index.php?rest_route=%2Fwp%2Fv2%2Fmedia&parent=4252"}],"wp:term":[{"taxonomy":"category","embeddable":true,"href":"http:\/\/www.vogelsanginstitut.at\/at\/index.php?rest_route=%2Fwp%2Fv2%2Fcategories&post=4252"},{"taxonomy":"post_tag","embeddable":true,"href":"http:\/\/www.vogelsanginstitut.at\/at\/index.php?rest_route=%2Fwp%2Fv2%2Ftags&post=4252"}],"curies":[{"name":"wp","href":"https:\/\/api.w.org\/{rel}","templated":true}]}}