{"id":1,"date":"2018-11-27T16:20:55","date_gmt":"2018-11-27T15:20:55","guid":{"rendered":""},"modified":"2019-05-24T11:01:45","modified_gmt":"2019-05-24T09:01:45","slug":"hallo-welt","status":"publish","type":"post","link":"http:\/\/www.vogelsanginstitut.at\/at\/?p=1","title":{"rendered":"Leopold Figl und das Jahr 1945 &#8211; Von der Todeszelle auf den Ballhausplatz"},"content":{"rendered":"<p>Ein pr\u00e4gendes Jahr im Leben des gro\u00dfen Politikers<\/p>\n<p>Ein neuer Blickwinkel auf eine Leitfigur der \u00f6sterreichischen Politik im dramatischen Jahr 1945. War Leopold Figl zu Jahresbeginn noch in brutaler Einzelhaft im KZ Mauthausen, so wurde er im Dezember 1945 bereits erster aus freien Wahlen hervorgegangener Bundeskanzler des wiedererstandenen \u00d6sterreich. Auf Basis zahlreicher neuer in- und ausl\u00e4ndischer Quellen wird das Entscheidungsjahr 1945 im Leben des Politikers Leopold Figl erstmals im Detail nachgezeichnet. Informativ und spannend zu lesen, werden die Anf\u00e4nge der Zweiten Republik begleitend zum Lebensweg jenes Mannes dargelegt, der in idealer Weise die Anforderungen an einen Politiker der unmittelbaren Nachkriegszeit erf\u00fcllte.<\/p>\n","protected":false},"excerpt":{"rendered":"<p>Ein pr\u00e4gendes Jahr im Leben des gro\u00dfen Politikers Ein neuer Blickwinkel auf eine Leitfigur der \u00f6sterreichischen Politik im dramatischen Jahr 1945. War Leopold Figl zu Jahresbeginn noch in brutaler Einzelhaft &#8230;<\/p>\n","protected":false},"author":1,"featured_media":1869,"comment_status":"closed","ping_status":"closed","sticky":true,"template":"","format":"standard","meta":{"footnotes":""},"categories":[18],"tags":[],"_links":{"self":[{"href":"http:\/\/www.vogelsanginstitut.at\/at\/index.php?rest_route=\/wp\/v2\/posts\/1"}],"collection":[{"href":"http:\/\/www.vogelsanginstitut.at\/at\/index.php?rest_route=\/wp\/v2\/posts"}],"about":[{"href":"http:\/\/www.vogelsanginstitut.at\/at\/index.php?rest_route=\/wp\/v2\/types\/post"}],"author":[{"embeddable":true,"href":"http:\/\/www.vogelsanginstitut.at\/at\/index.php?rest_route=\/wp\/v2\/users\/1"}],"replies":[{"embeddable":true,"href":"http:\/\/www.vogelsanginstitut.at\/at\/index.php?rest_route=%2Fwp%2Fv2%2Fcomments&post=1"}],"version-history":[{"count":2,"href":"http:\/\/www.vogelsanginstitut.at\/at\/index.php?rest_route=\/wp\/v2\/posts\/1\/revisions"}],"predecessor-version":[{"id":1567,"href":"http:\/\/www.vogelsanginstitut.at\/at\/index.php?rest_route=\/wp\/v2\/posts\/1\/revisions\/1567"}],"wp:featuredmedia":[{"embeddable":true,"href":"http:\/\/www.vogelsanginstitut.at\/at\/index.php?rest_route=\/wp\/v2\/media\/1869"}],"wp:attachment":[{"href":"http:\/\/www.vogelsanginstitut.at\/at\/index.php?rest_route=%2Fwp%2Fv2%2Fmedia&parent=1"}],"wp:term":[{"taxonomy":"category","embeddable":true,"href":"http:\/\/www.vogelsanginstitut.at\/at\/index.php?rest_route=%2Fwp%2Fv2%2Fcategories&post=1"},{"taxonomy":"post_tag","embeddable":true,"href":"http:\/\/www.vogelsanginstitut.at\/at\/index.php?rest_route=%2Fwp%2Fv2%2Ftags&post=1"}],"curies":[{"name":"wp","href":"https:\/\/api.w.org\/{rel}","templated":true}]}}